{"id":1056,"date":"2025-11-30T23:37:59","date_gmt":"2025-11-30T22:37:59","guid":{"rendered":"https:\/\/w-platform.fr\/?p=1056"},"modified":"2026-08-26T16:42:32","modified_gmt":"2026-08-26T14:42:32","slug":"w-platform-fait-peau-neuve","status":"publish","type":"post","link":"https:\/\/w-platform.fr\/en\/2025\/11\/30\/w-platform-fait-peau-neuve\/","title":{"rendered":"W Platform unveils its new visual identity"},"content":{"rendered":"<p class=\"wp-block-paragraph\">The mission of W Platform remains unchanged: <strong>capture, analyze, and valorize CO\u2082 and gaseous effluents within a circular economy approach<\/strong>. But since the company's inception, our expertise, our solutions, and our ambitions have evolved considerably.<\/p>\n\n\n\n<p class=\"wp-block-paragraph\">To support this transformation, we have chosen to evolve our image. <\/p>\n\n\n\n<p class=\"wp-block-paragraph\"><strong>W Platform unveils its new visual identity today<\/strong>, designed to better reflect our positioning, our expertise, and our commitment to a circular economy.<\/p>\n\n\n\n<p class=\"wp-block-paragraph\">New logo, new color palette, and modernized graphic universe: this evolution is not just an aesthetic change. It accompanies a new stage in the development of W Platform.<\/p>\n\n\n\n<h2 class=\"wp-block-heading\">A visual identity that accompanies the evolution of W Platform<\/h2>\n\n\n\n<p class=\"wp-block-paragraph\">Since its inception, W Platform has been developing solutions designed to capture, process, and valorize CO\u2082 emissions and other gaseous effluents.<br>Our expertise has gradually expanded. Initially developed around the capture and valorization of fermentation CO\u2082, our solutions now address the challenges of several sectors: viticulture, brewing, anaerobic digestion, and engineering.<br>This development in our business naturally led us to rethink our visual identity. Our ambition was simple: to have an image more consistent with the technical nature of our solutions, our capacity for innovation, and our positioning in the circular economy.<\/p>\n\n\n\n<h2 class=\"wp-block-heading\">A new positioning, a new identity<\/h2>\n\n\n\n<p class=\"wp-block-paragraph\">Our new visual identity reflects this evolution.<br>It must make it easier to identify W Platform as a specialized player in the valorization of CO\u2082 and gaseous effluents, capable of supporting its clients from the analysis of emissions to their capture, treatment, and reuse.<\/p>\n\n\n\n<p class=\"wp-block-paragraph\">This new image thus fits into a broader vision of decarbonization: rather than viewing CO\u2082 solely as an emission to be reduced, we seek to turn it into a valuable and reusable resource when technical conditions permit.<\/p>\n\n\n\n<p class=\"wp-block-paragraph\">This approach is at the heart of our circular economy strategy and now guides the development of our solutions.<\/p>\n\n\n\n<h2 class=\"wp-block-heading\">A visual identity that reflects our commitment<\/h2>\n\n\n\n<p class=\"wp-block-paragraph\">The new logo, color palette, and various graphic elements were designed to reflect several essential dimensions of W Platform: innovation, technology, environment, and the circular economy.<\/p>\n\n\n\n<p class=\"wp-block-paragraph\">Green, in particular, occupies a central place in this new identity. It echoes our environmental commitment while affirming our determination to build concrete solutions to reduce emissions and better use available resources.<\/p>\n\n\n\n<p class=\"wp-block-paragraph\">The objective was also to have a sufficiently clear and modern identity to support the development of W Platform among its various audiences and to reflect the diversity of its expertise: winegrowers with<strong> <a href=\"https:\/\/co2winery.com\/\" target=\"_blank\" rel=\"noreferrer noopener\">CO2 Winery<\/a><\/strong>, brewers with <a href=\"https:\/\/co2-brasserie.fr\/\" target=\"_blank\" rel=\"noreferrer noopener\"><strong>CO2 Brewery<\/strong><\/a>actors in anaerobic digestion with <strong>CO2 Metha<\/strong> and industrial stakeholders, partners, and decarbonization project developers with <strong><a href=\"https:\/\/co2engineering.com\/\" target=\"_blank\" rel=\"noreferrer noopener\">CO2 Engineering<\/a>.<\/strong><\/p>\n\n\n\n<h2 class=\"wp-block-heading\">An identity dedicated to our clients and partners<\/h2>\n\n\n\n<p class=\"wp-block-paragraph\">This new visual identity also accompanies our desire to make our positioning more legible.<\/p>\n\n\n\n<ul class=\"wp-block-list\"><\/ul>\n\n\n\n<ul class=\"wp-block-list\">\n<li>For our clients and partners, it reflects a company that has grown, developed its skills, and structured its offering around a common goal: contributing to a more circular use of carbon resources.<\/li>\n\n\n\n<li>For our team, it marks a new collective milestone and a shared vision.<\/li>\n\n\n\n<li>Finally, for our future employees, it reflects our commitment to building a company at the crossroads of engineering, innovation, and environmental transition.<\/li>\n<\/ul>\n\n\n\n<h2 class=\"wp-block-heading\">W Platform: capture and valorize CO\u2082 to build a circular economy<\/h2>\n\n\n\n<p class=\"wp-block-paragraph\">This new identity therefore does not change our mission. On the contrary, it allows us to assert it better.<br>W Platform currently develops solutions for the capture, treatment, and valorization of fermentation CO\u2082 for the wine and brewing sectors, as well as solutions dedicated to anaerobic digestion and various engineering projects.<\/p>\n\n\n\n<p class=\"wp-block-paragraph\">Our goal: to enable stakeholders who produce CO\u2082 or other gaseous effluents to identify recoverable resources, reduce their emissions, and develop new reuse loops.<\/p>\n\n\n\n<p class=\"wp-block-paragraph\">Discover W Platform solutions dedicated to CO\u2082 and gaseous effluent capture and valorization.<\/p>\n\n\n\n<div class=\"wp-block-buttons is-layout-flex wp-block-buttons-is-layout-flex\">\n<div class=\"wp-block-button\"><a class=\"wp-block-button__link has-background-color has-text-color has-link-color wp-element-button\" href=\"https:\/\/w-platform.fr\/en\/offres\/\" target=\"_blank\" rel=\"noopener\">Our offers<\/a><\/div>\n<\/div>","protected":false},"excerpt":{"rendered":"<p>The mission of W Platform remains unchanged: to capture, analyze, and valorize CO\u2082 and gaseous effluents within a circular economy framework. But since the company's inception, our expertise, our solutions, and our ambitions have evolved considerably. To support this transformation, we have chosen to update our image. Today, W Platform unveils [\u2026]<\/p>","protected":false},"author":1,"featured_media":1057,"comment_status":"closed","ping_status":"closed","sticky":false,"template":"","format":"standard","meta":{"om_disable_all_campaigns":false,"_monsterinsights_skip_tracking":false,"_uf_show_specific_survey":0,"_uf_disable_surveys":false,"footnotes":""},"categories":[22],"tags":[],"class_list":["post-1056","post","type-post","status-publish","format-standard","has-post-thumbnail","hentry","category-non-classe-fr"],"aioseo_notices":[],"yoast_head":"<!-- This site is optimized with the Yoast SEO plugin v28.1 - https:\/\/yoast.com\/product\/yoast-seo-wordpress\/ -->\n<title>W Platform d\u00e9voile sa nouvelle identit\u00e9 visuelle - W Platform<\/title>\n<meta name=\"description\" content=\"W Platform d\u00e9voile sa nouvelle identit\u00e9 visuelle, reflet de son \u00e9volution et de son expertise en captation et valorisation du CO\u2082.\" \/>\n<meta name=\"robots\" content=\"index, follow, max-snippet:-1, max-image-preview:large, max-video-preview:-1\" \/>\n<link rel=\"canonical\" href=\"https:\/\/w-platform.fr\/en\/2025\/11\/30\/w-platform-fait-peau-neuve\/\" \/>\n<meta property=\"og:locale\" content=\"en_US\" \/>\n<meta property=\"og:type\" content=\"article\" \/>\n<meta property=\"og:title\" content=\"W Platform d\u00e9voile sa nouvelle identit\u00e9 visuelle - W Platform\" \/>\n<meta property=\"og:description\" content=\"W Platform d\u00e9voile sa nouvelle identit\u00e9 visuelle, reflet de son \u00e9volution et de son expertise en captation et valorisation du CO\u2082.\" \/>\n<meta property=\"og:url\" content=\"https:\/\/w-platform.fr\/en\/2025\/11\/30\/w-platform-fait-peau-neuve\/\" \/>\n<meta property=\"og:site_name\" content=\"W Platform\" \/>\n<meta property=\"article:published_time\" content=\"2025-11-30T22:37:59+00:00\" \/>\n<meta property=\"article:modified_time\" content=\"2026-08-26T14:42:32+00:00\" \/>\n<meta property=\"og:image\" content=\"http:\/\/w-platform.fr\/wp-content\/uploads\/2025\/11\/W-PLATFORM_logo.jpg\" \/>\n\t<meta property=\"og:image:width\" content=\"2000\" \/>\n\t<meta property=\"og:image:height\" content=\"801\" \/>\n\t<meta property=\"og:image:type\" content=\"image\/jpeg\" \/>\n<meta name=\"author\" content=\"WPlatform\" \/>\n<meta name=\"twitter:card\" content=\"summary_large_image\" \/>\n<meta name=\"twitter:label1\" content=\"Written by\" \/>\n\t<meta name=\"twitter:data1\" content=\"WPlatform\" \/>\n\t<meta name=\"twitter:label2\" content=\"Est. reading time\" \/>\n\t<meta name=\"twitter:data2\" content=\"4 minutes\" \/>\n<script type=\"application\/ld+json\" class=\"yoast-schema-graph\">{\"@context\":\"https:\\\/\\\/schema.org\",\"@graph\":[{\"@type\":\"Article\",\"@id\":\"https:\\\/\\\/w-platform.fr\\\/2025\\\/11\\\/30\\\/w-platform-fait-peau-neuve\\\/#article\",\"isPartOf\":{\"@id\":\"https:\\\/\\\/w-platform.fr\\\/2025\\\/11\\\/30\\\/w-platform-fait-peau-neuve\\\/\"},\"author\":{\"name\":\"WPlatform\",\"@id\":\"https:\\\/\\\/w-platform.fr\\\/#\\\/schema\\\/person\\\/fdb73002a9a19467d789a61683159d61\"},\"headline\":\"W Platform d\u00e9voile sa nouvelle identit\u00e9 visuelle\",\"datePublished\":\"2025-11-30T22:37:59+00:00\",\"dateModified\":\"2026-08-26T14:42:32+00:00\",\"mainEntityOfPage\":{\"@id\":\"https:\\\/\\\/w-platform.fr\\\/2025\\\/11\\\/30\\\/w-platform-fait-peau-neuve\\\/\"},\"wordCount\":721,\"publisher\":{\"@id\":\"https:\\\/\\\/w-platform.fr\\\/#organization\"},\"image\":{\"@id\":\"https:\\\/\\\/w-platform.fr\\\/2025\\\/11\\\/30\\\/w-platform-fait-peau-neuve\\\/#primaryimage\"},\"thumbnailUrl\":\"https:\\\/\\\/w-platform.fr\\\/wp-content\\\/uploads\\\/2025\\\/11\\\/W-PLATFORM_logo.jpg\",\"articleSection\":[\"Non class\u00e9\"],\"inLanguage\":\"en-US\"},{\"@type\":\"WebPage\",\"@id\":\"https:\\\/\\\/w-platform.fr\\\/2025\\\/11\\\/30\\\/w-platform-fait-peau-neuve\\\/\",\"url\":\"https:\\\/\\\/w-platform.fr\\\/2025\\\/11\\\/30\\\/w-platform-fait-peau-neuve\\\/\",\"name\":\"W Platform d\u00e9voile sa nouvelle identit\u00e9 visuelle - W Platform\",\"isPartOf\":{\"@id\":\"https:\\\/\\\/w-platform.fr\\\/#website\"},\"primaryImageOfPage\":{\"@id\":\"https:\\\/\\\/w-platform.fr\\\/2025\\\/11\\\/30\\\/w-platform-fait-peau-neuve\\\/#primaryimage\"},\"image\":{\"@id\":\"https:\\\/\\\/w-platform.fr\\\/2025\\\/11\\\/30\\\/w-platform-fait-peau-neuve\\\/#primaryimage\"},\"thumbnailUrl\":\"https:\\\/\\\/w-platform.fr\\\/wp-content\\\/uploads\\\/2025\\\/11\\\/W-PLATFORM_logo.jpg\",\"datePublished\":\"2025-11-30T22:37:59+00:00\",\"dateModified\":\"2026-08-26T14:42:32+00:00\",\"description\":\"W Platform d\u00e9voile sa nouvelle identit\u00e9 visuelle, reflet de son \u00e9volution et de son expertise en captation et valorisation du CO\u2082.\",\"breadcrumb\":{\"@id\":\"https:\\\/\\\/w-platform.fr\\\/2025\\\/11\\\/30\\\/w-platform-fait-peau-neuve\\\/#breadcrumb\"},\"inLanguage\":\"en-US\",\"potentialAction\":[{\"@type\":\"ReadAction\",\"target\":[\"https:\\\/\\\/w-platform.fr\\\/2025\\\/11\\\/30\\\/w-platform-fait-peau-neuve\\\/\"]}]},{\"@type\":\"ImageObject\",\"inLanguage\":\"en-US\",\"@id\":\"https:\\\/\\\/w-platform.fr\\\/2025\\\/11\\\/30\\\/w-platform-fait-peau-neuve\\\/#primaryimage\",\"url\":\"https:\\\/\\\/w-platform.fr\\\/wp-content\\\/uploads\\\/2025\\\/11\\\/W-PLATFORM_logo.jpg\",\"contentUrl\":\"https:\\\/\\\/w-platform.fr\\\/wp-content\\\/uploads\\\/2025\\\/11\\\/W-PLATFORM_logo.jpg\",\"width\":2000,\"height\":801,\"caption\":\"Nouveau logo et nouvelle identit\u00e9 visuelle W Platform\"},{\"@type\":\"BreadcrumbList\",\"@id\":\"https:\\\/\\\/w-platform.fr\\\/2025\\\/11\\\/30\\\/w-platform-fait-peau-neuve\\\/#breadcrumb\",\"itemListElement\":[{\"@type\":\"ListItem\",\"position\":1,\"name\":\"Accueil\",\"item\":\"https:\\\/\\\/w-platform.fr\\\/\"},{\"@type\":\"ListItem\",\"position\":2,\"name\":\"W Platform d\u00e9voile sa nouvelle identit\u00e9 visuelle\"}]},{\"@type\":\"WebSite\",\"@id\":\"https:\\\/\\\/w-platform.fr\\\/#website\",\"url\":\"https:\\\/\\\/w-platform.fr\\\/\",\"name\":\"W Platform\",\"description\":\"WordPress\",\"publisher\":{\"@id\":\"https:\\\/\\\/w-platform.fr\\\/#organization\"},\"potentialAction\":[{\"@type\":\"SearchAction\",\"target\":{\"@type\":\"EntryPoint\",\"urlTemplate\":\"https:\\\/\\\/w-platform.fr\\\/?s={search_term_string}\"},\"query-input\":{\"@type\":\"PropertyValueSpecification\",\"valueRequired\":true,\"valueName\":\"search_term_string\"}}],\"inLanguage\":\"en-US\"},{\"@type\":\"Organization\",\"@id\":\"https:\\\/\\\/w-platform.fr\\\/#organization\",\"name\":\"W Platform\",\"url\":\"https:\\\/\\\/w-platform.fr\\\/\",\"logo\":{\"@type\":\"ImageObject\",\"inLanguage\":\"en-US\",\"@id\":\"https:\\\/\\\/w-platform.fr\\\/#\\\/schema\\\/logo\\\/image\\\/\",\"url\":\"https:\\\/\\\/w-platform.fr\\\/wp-content\\\/uploads\\\/2026\\\/07\\\/W-PLATFORM_logo-removebg-preview-1.png\",\"contentUrl\":\"https:\\\/\\\/w-platform.fr\\\/wp-content\\\/uploads\\\/2026\\\/07\\\/W-PLATFORM_logo-removebg-preview-1.png\",\"width\":789,\"height\":316,\"caption\":\"W Platform\"},\"image\":{\"@id\":\"https:\\\/\\\/w-platform.fr\\\/#\\\/schema\\\/logo\\\/image\\\/\"},\"sameAs\":[\"https:\\\/\\\/www.linkedin.com\\\/company\\\/w-platform\\\/\"]},{\"@type\":\"Person\",\"@id\":\"https:\\\/\\\/w-platform.fr\\\/#\\\/schema\\\/person\\\/fdb73002a9a19467d789a61683159d61\",\"name\":\"WPlatform\",\"image\":{\"@type\":\"ImageObject\",\"inLanguage\":\"en-US\",\"@id\":\"https:\\\/\\\/secure.gravatar.com\\\/avatar\\\/3e2f84b2f70070c2bf3546e4b799a58bbaec1e98f4ffa30c011240219a88f107?s=96&d=mm&r=g\",\"url\":\"https:\\\/\\\/secure.gravatar.com\\\/avatar\\\/3e2f84b2f70070c2bf3546e4b799a58bbaec1e98f4ffa30c011240219a88f107?s=96&d=mm&r=g\",\"contentUrl\":\"https:\\\/\\\/secure.gravatar.com\\\/avatar\\\/3e2f84b2f70070c2bf3546e4b799a58bbaec1e98f4ffa30c011240219a88f107?s=96&d=mm&r=g\",\"caption\":\"WPlatform\"},\"sameAs\":[\"http:\\\/\\\/w-platform.fr\"],\"url\":\"https:\\\/\\\/w-platform.fr\\\/en\\\/author\\\/admin7749\\\/\"}]}<\/script>\n<!-- \/ Yoast SEO plugin. -->","yoast_head_json":{"title":"W Platform d\u00e9voile sa nouvelle identit\u00e9 visuelle - W Platform","description":"W Platform d\u00e9voile sa nouvelle identit\u00e9 visuelle, reflet de son \u00e9volution et de son expertise en captation et valorisation du CO\u2082.","robots":{"index":"index","follow":"follow","max-snippet":"max-snippet:-1","max-image-preview":"max-image-preview:large","max-video-preview":"max-video-preview:-1"},"canonical":"https:\/\/w-platform.fr\/en\/2025\/11\/30\/w-platform-fait-peau-neuve\/","og_locale":"en_US","og_type":"article","og_title":"W Platform d\u00e9voile sa nouvelle identit\u00e9 visuelle - W Platform","og_description":"W Platform d\u00e9voile sa nouvelle identit\u00e9 visuelle, reflet de son \u00e9volution et de son expertise en captation et valorisation du CO\u2082.","og_url":"https:\/\/w-platform.fr\/en\/2025\/11\/30\/w-platform-fait-peau-neuve\/","og_site_name":"W Platform","article_published_time":"2025-11-30T22:37:59+00:00","article_modified_time":"2026-08-26T14:42:32+00:00","og_image":[{"width":2000,"height":801,"url":"http:\/\/w-platform.fr\/wp-content\/uploads\/2025\/11\/W-PLATFORM_logo.jpg","type":"image\/jpeg"}],"author":"WPlatform","twitter_card":"summary_large_image","twitter_misc":{"Written by":"WPlatform","Est. reading time":"4 minutes"},"schema":{"@context":"https:\/\/schema.org","@graph":[{"@type":"Article","@id":"https:\/\/w-platform.fr\/2025\/11\/30\/w-platform-fait-peau-neuve\/#article","isPartOf":{"@id":"https:\/\/w-platform.fr\/2025\/11\/30\/w-platform-fait-peau-neuve\/"},"author":{"name":"WPlatform","@id":"https:\/\/w-platform.fr\/#\/schema\/person\/fdb73002a9a19467d789a61683159d61"},"headline":"W Platform d\u00e9voile sa nouvelle identit\u00e9 visuelle","datePublished":"2025-11-30T22:37:59+00:00","dateModified":"2026-08-26T14:42:32+00:00","mainEntityOfPage":{"@id":"https:\/\/w-platform.fr\/2025\/11\/30\/w-platform-fait-peau-neuve\/"},"wordCount":721,"publisher":{"@id":"https:\/\/w-platform.fr\/#organization"},"image":{"@id":"https:\/\/w-platform.fr\/2025\/11\/30\/w-platform-fait-peau-neuve\/#primaryimage"},"thumbnailUrl":"https:\/\/w-platform.fr\/wp-content\/uploads\/2025\/11\/W-PLATFORM_logo.jpg","articleSection":["Non class\u00e9"],"inLanguage":"en-US"},{"@type":"WebPage","@id":"https:\/\/w-platform.fr\/2025\/11\/30\/w-platform-fait-peau-neuve\/","url":"https:\/\/w-platform.fr\/2025\/11\/30\/w-platform-fait-peau-neuve\/","name":"W Platform d\u00e9voile sa nouvelle identit\u00e9 visuelle - W Platform","isPartOf":{"@id":"https:\/\/w-platform.fr\/#website"},"primaryImageOfPage":{"@id":"https:\/\/w-platform.fr\/2025\/11\/30\/w-platform-fait-peau-neuve\/#primaryimage"},"image":{"@id":"https:\/\/w-platform.fr\/2025\/11\/30\/w-platform-fait-peau-neuve\/#primaryimage"},"thumbnailUrl":"https:\/\/w-platform.fr\/wp-content\/uploads\/2025\/11\/W-PLATFORM_logo.jpg","datePublished":"2025-11-30T22:37:59+00:00","dateModified":"2026-08-26T14:42:32+00:00","description":"W Platform d\u00e9voile sa nouvelle identit\u00e9 visuelle, reflet de son \u00e9volution et de son expertise en captation et valorisation du CO\u2082.","breadcrumb":{"@id":"https:\/\/w-platform.fr\/2025\/11\/30\/w-platform-fait-peau-neuve\/#breadcrumb"},"inLanguage":"en-US","potentialAction":[{"@type":"ReadAction","target":["https:\/\/w-platform.fr\/2025\/11\/30\/w-platform-fait-peau-neuve\/"]}]},{"@type":"ImageObject","inLanguage":"en-US","@id":"https:\/\/w-platform.fr\/2025\/11\/30\/w-platform-fait-peau-neuve\/#primaryimage","url":"https:\/\/w-platform.fr\/wp-content\/uploads\/2025\/11\/W-PLATFORM_logo.jpg","contentUrl":"https:\/\/w-platform.fr\/wp-content\/uploads\/2025\/11\/W-PLATFORM_logo.jpg","width":2000,"height":801,"caption":"Nouveau logo et nouvelle identit\u00e9 visuelle W Platform"},{"@type":"BreadcrumbList","@id":"https:\/\/w-platform.fr\/2025\/11\/30\/w-platform-fait-peau-neuve\/#breadcrumb","itemListElement":[{"@type":"ListItem","position":1,"name":"Accueil","item":"https:\/\/w-platform.fr\/"},{"@type":"ListItem","position":2,"name":"W Platform d\u00e9voile sa nouvelle identit\u00e9 visuelle"}]},{"@type":"WebSite","@id":"https:\/\/w-platform.fr\/#website","url":"https:\/\/w-platform.fr\/","name":"W Platform","description":"WordPress","publisher":{"@id":"https:\/\/w-platform.fr\/#organization"},"potentialAction":[{"@type":"SearchAction","target":{"@type":"EntryPoint","urlTemplate":"https:\/\/w-platform.fr\/?s={search_term_string}"},"query-input":{"@type":"PropertyValueSpecification","valueRequired":true,"valueName":"search_term_string"}}],"inLanguage":"en-US"},{"@type":"Organization","@id":"https:\/\/w-platform.fr\/#organization","name":"W Platform","url":"https:\/\/w-platform.fr\/","logo":{"@type":"ImageObject","inLanguage":"en-US","@id":"https:\/\/w-platform.fr\/#\/schema\/logo\/image\/","url":"https:\/\/w-platform.fr\/wp-content\/uploads\/2026\/07\/W-PLATFORM_logo-removebg-preview-1.png","contentUrl":"https:\/\/w-platform.fr\/wp-content\/uploads\/2026\/07\/W-PLATFORM_logo-removebg-preview-1.png","width":789,"height":316,"caption":"W Platform"},"image":{"@id":"https:\/\/w-platform.fr\/#\/schema\/logo\/image\/"},"sameAs":["https:\/\/www.linkedin.com\/company\/w-platform\/"]},{"@type":"Person","@id":"https:\/\/w-platform.fr\/#\/schema\/person\/fdb73002a9a19467d789a61683159d61","name":"WPlatform","image":{"@type":"ImageObject","inLanguage":"en-US","@id":"https:\/\/secure.gravatar.com\/avatar\/3e2f84b2f70070c2bf3546e4b799a58bbaec1e98f4ffa30c011240219a88f107?s=96&d=mm&r=g","url":"https:\/\/secure.gravatar.com\/avatar\/3e2f84b2f70070c2bf3546e4b799a58bbaec1e98f4ffa30c011240219a88f107?s=96&d=mm&r=g","contentUrl":"https:\/\/secure.gravatar.com\/avatar\/3e2f84b2f70070c2bf3546e4b799a58bbaec1e98f4ffa30c011240219a88f107?s=96&d=mm&r=g","caption":"WPlatform"},"sameAs":["http:\/\/w-platform.fr"],"url":"https:\/\/w-platform.fr\/en\/author\/admin7749\/"}]}},"_links":{"self":[{"href":"https:\/\/w-platform.fr\/en\/wp-json\/wp\/v2\/posts\/1056","targetHints":{"allow":["GET"]}}],"collection":[{"href":"https:\/\/w-platform.fr\/en\/wp-json\/wp\/v2\/posts"}],"about":[{"href":"https:\/\/w-platform.fr\/en\/wp-json\/wp\/v2\/types\/post"}],"author":[{"embeddable":true,"href":"https:\/\/w-platform.fr\/en\/wp-json\/wp\/v2\/users\/1"}],"replies":[{"embeddable":true,"href":"https:\/\/w-platform.fr\/en\/wp-json\/wp\/v2\/comments?post=1056"}],"version-history":[{"count":4,"href":"https:\/\/w-platform.fr\/en\/wp-json\/wp\/v2\/posts\/1056\/revisions"}],"predecessor-version":[{"id":1161,"href":"https:\/\/w-platform.fr\/en\/wp-json\/wp\/v2\/posts\/1056\/revisions\/1161"}],"wp:featuredmedia":[{"embeddable":true,"href":"https:\/\/w-platform.fr\/en\/wp-json\/wp\/v2\/media\/1057"}],"wp:attachment":[{"href":"https:\/\/w-platform.fr\/en\/wp-json\/wp\/v2\/media?parent=1056"}],"wp:term":[{"taxonomy":"category","embeddable":true,"href":"https:\/\/w-platform.fr\/en\/wp-json\/wp\/v2\/categories?post=1056"},{"taxonomy":"post_tag","embeddable":true,"href":"https:\/\/w-platform.fr\/en\/wp-json\/wp\/v2\/tags?post=1056"}],"curies":[{"name":"wp","href":"https:\/\/api.w.org\/{rel}","templated":true}]}}