{"id":1056,"date":"2025-11-30T23:37:59","date_gmt":"2025-11-30T22:37:59","guid":{"rendered":"https:\/\/w-platform.fr\/?p=1056"},"modified":"2026-08-26T16:42:32","modified_gmt":"2026-08-26T14:42:32","slug":"w-platform-fait-peau-neuve","status":"publish","type":"post","link":"https:\/\/w-platform.fr\/es\/2025\/11\/30\/w-platform-fait-peau-neuve\/","title":{"rendered":"W Platform revela su nueva identidad visual"},"content":{"rendered":"<p class=\"wp-block-paragraph\">La misi\u00f3n de W Platform sigue siendo la misma: <strong>capturar, analizar y valorizar el CO\u2082 y los efluentes gaseosos en una l\u00f3gica de econom\u00eda circular<\/strong>. Pero desde la creaci\u00f3n de la empresa, nuestra experiencia, nuestras soluciones y nuestras ambiciones han evolucionado considerablemente.<\/p>\n\n\n\n<p class=\"wp-block-paragraph\">Para acompa\u00f1ar esta transformaci\u00f3n, hemos decidido evolucionar nuestra imagen. <\/p>\n\n\n\n<p class=\"wp-block-paragraph\"><strong>W Platform presenta hoy su nueva identidad visual<\/strong>pensada para reflejar mejor nuestro posicionamiento, nuestra experiencia y nuestro compromiso con una econom\u00eda circular.<\/p>\n\n\n\n<p class=\"wp-block-paragraph\">Nuevo logotipo, nueva paleta de colores y universo gr\u00e1fico modernizado: esta evoluci\u00f3n no se resume en un cambio est\u00e9tico. Acompa\u00f1a una nueva etapa en el desarrollo de W Platform.<\/p>\n\n\n\n<h2 class=\"wp-block-heading\">Una identidad visual que acompa\u00f1a la evoluci\u00f3n de W Platform<\/h2>\n\n\n\n<p class=\"wp-block-paragraph\">Desde su creaci\u00f3n, W Platform desarrolla soluciones destinadas a capturar, tratar y valorizar las emisiones de CO\u2082 y otros efluentes gaseosos.<br>Nuestra experiencia se ha ampliado progresivamente. Desarrolladas inicialmente en torno a la captura y valorizaci\u00f3n del CO\u2082 de fermentaci\u00f3n, nuestras soluciones responden hoy a los retos de varios sectores: viticultura, cervecer\u00eda, metanizaci\u00f3n e ingenier\u00eda.<br>Esta evoluci\u00f3n de nuestra actividad nos ha conducido de forma natural a replantear nuestra identidad visual. nuestra ambici\u00f3n era sencilla: disponer de una imagen m\u00e1s coherente con la tecnicidad de nuestras soluciones, nuestra capacidad de innovaci\u00f3n y nuestro posicionamiento en la econom\u00eda circular.<\/p>\n\n\n\n<h2 class=\"wp-block-heading\">Un nuevo posicionamiento, una nueva identidad<\/h2>\n\n\n\n<p class=\"wp-block-paragraph\">Nuestra nueva identidad visual refleja esta evoluci\u00f3n.<br>Debe permitir identificar m\u00e1s f\u00e1cilmente a W Platform como un actor especializado en la valorizaci\u00f3n del CO\u2082 y de los efluentes gaseosos, capaz de acompa\u00f1ar a sus clientes desde el an\u00e1lisis de las emisiones hasta su captura, tratamiento y reutilizaci\u00f3n.<\/p>\n\n\n\n<p class=\"wp-block-paragraph\">Esta nueva imagen se enmarca as\u00ed en una visi\u00f3n m\u00e1s amplia de la descarbonizaci\u00f3n: en lugar de considerar el CO\u2082 \u00fanicamente como una emisi\u00f3n que hay que reducir, buscamos convertirlo en un recurso valorizable y reutilizable cuando las condiciones t\u00e9cnicas lo permitan.<\/p>\n\n\n\n<p class=\"wp-block-paragraph\">Este enfoque est\u00e1 en el centro de nuestra iniciativa de econom\u00eda circular y gu\u00eda hoy el desarrollo de nuestras soluciones.<\/p>\n\n\n\n<h2 class=\"wp-block-heading\">Un universo gr\u00e1fico que refleja nuestro compromiso<\/h2>\n\n\n\n<p class=\"wp-block-paragraph\">El nuevo logo, la paleta de colores y los diferentes elementos gr\u00e1ficos han sido concebidos para reflejar varias dimensiones esenciales de W Platform: innovaci\u00f3n, tecnolog\u00eda, medio ambiente y econom\u00eda circular.<\/p>\n\n\n\n<p class=\"wp-block-paragraph\">El verde ocupa un lugar central en esta nueva identidad. Hace eco de nuestro compromiso medioambiental a la vez que afirma nuestra voluntad de construir soluciones concretas para reducir las emisiones y utilizar mejor los recursos disponibles.<\/p>\n\n\n\n<p class=\"wp-block-paragraph\">El objetivo era tambi\u00e9n disponer de una identidad suficientemente clara y moderna para acompa\u00f1ar el desarrollo de W Platform ante sus diferentes p\u00fablicos y reflejar la diversidad de sus competencias: viticultores con<strong> <a href=\"https:\/\/co2winery.com\/\" target=\"_blank\" rel=\"noreferrer noopener\">Bodega CO2<\/a><\/strong>, cerveceros con <a href=\"https:\/\/co2-brasserie.fr\/\" target=\"_blank\" rel=\"noreferrer noopener\"><strong>Cervecer\u00eda CO2<\/strong><\/a>, actores de la metanizaci\u00f3n con <strong>CO2 Metha<\/strong> y actores industriales, socios y promotores de proyectos de descarbonizaci\u00f3n con <strong><a href=\"https:\/\/co2engineering.com\/\" target=\"_blank\" rel=\"noreferrer noopener\">Ingenier\u00eda de CO2<\/a>.<\/strong><\/p>\n\n\n\n<h2 class=\"wp-block-heading\">Una identidad al servicio de nuestros clientes y socios<\/h2>\n\n\n\n<p class=\"wp-block-paragraph\">Esta nueva identidad visual tambi\u00e9n acompa\u00f1a nuestro deseo de hacer que nuestro posicionamiento sea m\u00e1s claro.<\/p>\n\n\n\n<ul class=\"wp-block-list\"><\/ul>\n\n\n\n<ul class=\"wp-block-list\">\n<li>Para nuestros clientes y socios, refleja una empresa que ha crecido, desarrollado sus competencias y estructurado su oferta en torno a un objetivo com\u00fan: contribuir a un uso m\u00e1s circular de los recursos de carbono.<\/li>\n\n\n\n<li>Para nuestro equipo, marca una nueva etapa colectiva y una visi\u00f3n compartida.<\/li>\n\n\n\n<li>Por \u00faltimo, para nuestros futuros colaboradores, traduce nuestra voluntad de construir una empresa en la encrucijada de la ingenier\u00eda, la innovaci\u00f3n y la transici\u00f3n ambiental.<\/li>\n<\/ul>\n\n\n\n<h2 class=\"wp-block-heading\">W Platform : capturar y valorizar el CO\u2082 para construir una econom\u00eda circular<\/h2>\n\n\n\n<p class=\"wp-block-paragraph\">Por lo tanto, esta nueva identidad no cambia nuestra misi\u00f3n. Por el contrario, permite reafirmarla mejor.<br>W Platform desarrolla actualmente soluciones de captura, tratamiento y valorizaci\u00f3n del $CO_2$ de fermentaci\u00f3n para los sectores vitivin\u00edcola y cervecero, as\u00ed como soluciones dedicadas a la metanizaci\u00f3n y a diversos proyectos de ingenier\u00eda.<\/p>\n\n\n\n<p class=\"wp-block-paragraph\">Nuestro objetivo: permitir que los actores que producen CO\u2082 u otros efluentes gaseosos identifiquen recursos valorizables, reduzcan sus emisiones y desarrollen nuevos bucles de reutilizaci\u00f3n.<\/p>\n\n\n\n<p class=\"wp-block-paragraph\">Descubra las soluciones de la plataforma W dedicadas a la captura y valorizaci\u00f3n del CO\u2082 y de los efluentes gaseosos.<\/p>\n\n\n\n<div class=\"wp-block-buttons is-layout-flex wp-block-buttons-is-layout-flex\">\n<div class=\"wp-block-button\"><a class=\"wp-block-button__link has-background-color has-text-color has-link-color wp-element-button\" href=\"https:\/\/w-platform.fr\/es\/offres\/\" target=\"_blank\" rel=\"noopener\">Nuestras ofertas<\/a><\/div>\n<\/div>","protected":false},"excerpt":{"rendered":"<p>La misi\u00f3n de W Platform sigue siendo la misma: capturar, analizar y valorizar el CO\u2082 y los efluentes gaseosos dentro de una l\u00f3gica de econom\u00eda circular. Pero desde la creaci\u00f3n de la empresa, nuestra experiencia, nuestras soluciones y nuestras ambiciones han evolucionado considerablemente. Para acompa\u00f1ar esta transformaci\u00f3n, hemos decidido hacer evolucionar nuestra imagen. W Platform desvela hoy [...]<\/p>","protected":false},"author":1,"featured_media":1057,"comment_status":"closed","ping_status":"closed","sticky":false,"template":"","format":"standard","meta":{"om_disable_all_campaigns":false,"_monsterinsights_skip_tracking":false,"_uf_show_specific_survey":0,"_uf_disable_surveys":false,"footnotes":""},"categories":[22],"tags":[],"class_list":["post-1056","post","type-post","status-publish","format-standard","has-post-thumbnail","hentry","category-non-classe-fr"],"aioseo_notices":[],"yoast_head":"<!-- This site is optimized with the Yoast SEO plugin v28.1 - https:\/\/yoast.com\/product\/yoast-seo-wordpress\/ -->\n<title>W Platform d\u00e9voile sa nouvelle identit\u00e9 visuelle - W Platform<\/title>\n<meta name=\"description\" content=\"W Platform d\u00e9voile sa nouvelle identit\u00e9 visuelle, reflet de son \u00e9volution et de son expertise en captation et valorisation du CO\u2082.\" \/>\n<meta name=\"robots\" content=\"index, follow, max-snippet:-1, max-image-preview:large, max-video-preview:-1\" \/>\n<link rel=\"canonical\" href=\"https:\/\/w-platform.fr\/es\/2025\/11\/30\/w-platform-fait-peau-neuve\/\" \/>\n<meta property=\"og:locale\" content=\"es_ES\" \/>\n<meta property=\"og:type\" content=\"article\" \/>\n<meta property=\"og:title\" content=\"W Platform d\u00e9voile sa nouvelle identit\u00e9 visuelle - W Platform\" \/>\n<meta property=\"og:description\" content=\"W Platform d\u00e9voile sa nouvelle identit\u00e9 visuelle, reflet de son \u00e9volution et de son expertise en captation et valorisation du CO\u2082.\" \/>\n<meta property=\"og:url\" content=\"https:\/\/w-platform.fr\/es\/2025\/11\/30\/w-platform-fait-peau-neuve\/\" \/>\n<meta property=\"og:site_name\" content=\"W Platform\" \/>\n<meta property=\"article:published_time\" content=\"2025-11-30T22:37:59+00:00\" \/>\n<meta property=\"article:modified_time\" content=\"2026-08-26T14:42:32+00:00\" \/>\n<meta property=\"og:image\" content=\"http:\/\/w-platform.fr\/wp-content\/uploads\/2025\/11\/W-PLATFORM_logo.jpg\" \/>\n\t<meta property=\"og:image:width\" content=\"2000\" \/>\n\t<meta property=\"og:image:height\" content=\"801\" \/>\n\t<meta property=\"og:image:type\" content=\"image\/jpeg\" \/>\n<meta name=\"author\" content=\"WPlatform\" \/>\n<meta name=\"twitter:card\" content=\"summary_large_image\" \/>\n<meta name=\"twitter:label1\" content=\"Escrito por\" \/>\n\t<meta name=\"twitter:data1\" content=\"WPlatform\" \/>\n\t<meta name=\"twitter:label2\" content=\"Tiempo de lectura\" \/>\n\t<meta name=\"twitter:data2\" content=\"4 minutos\" \/>\n<script type=\"application\/ld+json\" class=\"yoast-schema-graph\">{\"@context\":\"https:\\\/\\\/schema.org\",\"@graph\":[{\"@type\":\"Article\",\"@id\":\"https:\\\/\\\/w-platform.fr\\\/2025\\\/11\\\/30\\\/w-platform-fait-peau-neuve\\\/#article\",\"isPartOf\":{\"@id\":\"https:\\\/\\\/w-platform.fr\\\/2025\\\/11\\\/30\\\/w-platform-fait-peau-neuve\\\/\"},\"author\":{\"name\":\"WPlatform\",\"@id\":\"https:\\\/\\\/w-platform.fr\\\/#\\\/schema\\\/person\\\/fdb73002a9a19467d789a61683159d61\"},\"headline\":\"W Platform d\u00e9voile sa nouvelle identit\u00e9 visuelle\",\"datePublished\":\"2025-11-30T22:37:59+00:00\",\"dateModified\":\"2026-08-26T14:42:32+00:00\",\"mainEntityOfPage\":{\"@id\":\"https:\\\/\\\/w-platform.fr\\\/2025\\\/11\\\/30\\\/w-platform-fait-peau-neuve\\\/\"},\"wordCount\":721,\"publisher\":{\"@id\":\"https:\\\/\\\/w-platform.fr\\\/#organization\"},\"image\":{\"@id\":\"https:\\\/\\\/w-platform.fr\\\/2025\\\/11\\\/30\\\/w-platform-fait-peau-neuve\\\/#primaryimage\"},\"thumbnailUrl\":\"https:\\\/\\\/w-platform.fr\\\/wp-content\\\/uploads\\\/2025\\\/11\\\/W-PLATFORM_logo.jpg\",\"articleSection\":[\"Non class\u00e9\"],\"inLanguage\":\"es\"},{\"@type\":\"WebPage\",\"@id\":\"https:\\\/\\\/w-platform.fr\\\/2025\\\/11\\\/30\\\/w-platform-fait-peau-neuve\\\/\",\"url\":\"https:\\\/\\\/w-platform.fr\\\/2025\\\/11\\\/30\\\/w-platform-fait-peau-neuve\\\/\",\"name\":\"W Platform d\u00e9voile sa nouvelle identit\u00e9 visuelle - W Platform\",\"isPartOf\":{\"@id\":\"https:\\\/\\\/w-platform.fr\\\/#website\"},\"primaryImageOfPage\":{\"@id\":\"https:\\\/\\\/w-platform.fr\\\/2025\\\/11\\\/30\\\/w-platform-fait-peau-neuve\\\/#primaryimage\"},\"image\":{\"@id\":\"https:\\\/\\\/w-platform.fr\\\/2025\\\/11\\\/30\\\/w-platform-fait-peau-neuve\\\/#primaryimage\"},\"thumbnailUrl\":\"https:\\\/\\\/w-platform.fr\\\/wp-content\\\/uploads\\\/2025\\\/11\\\/W-PLATFORM_logo.jpg\",\"datePublished\":\"2025-11-30T22:37:59+00:00\",\"dateModified\":\"2026-08-26T14:42:32+00:00\",\"description\":\"W Platform d\u00e9voile sa nouvelle identit\u00e9 visuelle, reflet de son \u00e9volution et de son expertise en captation et valorisation du CO\u2082.\",\"breadcrumb\":{\"@id\":\"https:\\\/\\\/w-platform.fr\\\/2025\\\/11\\\/30\\\/w-platform-fait-peau-neuve\\\/#breadcrumb\"},\"inLanguage\":\"es\",\"potentialAction\":[{\"@type\":\"ReadAction\",\"target\":[\"https:\\\/\\\/w-platform.fr\\\/2025\\\/11\\\/30\\\/w-platform-fait-peau-neuve\\\/\"]}]},{\"@type\":\"ImageObject\",\"inLanguage\":\"es\",\"@id\":\"https:\\\/\\\/w-platform.fr\\\/2025\\\/11\\\/30\\\/w-platform-fait-peau-neuve\\\/#primaryimage\",\"url\":\"https:\\\/\\\/w-platform.fr\\\/wp-content\\\/uploads\\\/2025\\\/11\\\/W-PLATFORM_logo.jpg\",\"contentUrl\":\"https:\\\/\\\/w-platform.fr\\\/wp-content\\\/uploads\\\/2025\\\/11\\\/W-PLATFORM_logo.jpg\",\"width\":2000,\"height\":801,\"caption\":\"Nouveau logo et nouvelle identit\u00e9 visuelle W Platform\"},{\"@type\":\"BreadcrumbList\",\"@id\":\"https:\\\/\\\/w-platform.fr\\\/2025\\\/11\\\/30\\\/w-platform-fait-peau-neuve\\\/#breadcrumb\",\"itemListElement\":[{\"@type\":\"ListItem\",\"position\":1,\"name\":\"Accueil\",\"item\":\"https:\\\/\\\/w-platform.fr\\\/\"},{\"@type\":\"ListItem\",\"position\":2,\"name\":\"W Platform d\u00e9voile sa nouvelle identit\u00e9 visuelle\"}]},{\"@type\":\"WebSite\",\"@id\":\"https:\\\/\\\/w-platform.fr\\\/#website\",\"url\":\"https:\\\/\\\/w-platform.fr\\\/\",\"name\":\"W Platform\",\"description\":\"WordPress\",\"publisher\":{\"@id\":\"https:\\\/\\\/w-platform.fr\\\/#organization\"},\"potentialAction\":[{\"@type\":\"SearchAction\",\"target\":{\"@type\":\"EntryPoint\",\"urlTemplate\":\"https:\\\/\\\/w-platform.fr\\\/?s={search_term_string}\"},\"query-input\":{\"@type\":\"PropertyValueSpecification\",\"valueRequired\":true,\"valueName\":\"search_term_string\"}}],\"inLanguage\":\"es\"},{\"@type\":\"Organization\",\"@id\":\"https:\\\/\\\/w-platform.fr\\\/#organization\",\"name\":\"W Platform\",\"url\":\"https:\\\/\\\/w-platform.fr\\\/\",\"logo\":{\"@type\":\"ImageObject\",\"inLanguage\":\"es\",\"@id\":\"https:\\\/\\\/w-platform.fr\\\/#\\\/schema\\\/logo\\\/image\\\/\",\"url\":\"https:\\\/\\\/w-platform.fr\\\/wp-content\\\/uploads\\\/2026\\\/07\\\/W-PLATFORM_logo-removebg-preview-1.png\",\"contentUrl\":\"https:\\\/\\\/w-platform.fr\\\/wp-content\\\/uploads\\\/2026\\\/07\\\/W-PLATFORM_logo-removebg-preview-1.png\",\"width\":789,\"height\":316,\"caption\":\"W Platform\"},\"image\":{\"@id\":\"https:\\\/\\\/w-platform.fr\\\/#\\\/schema\\\/logo\\\/image\\\/\"},\"sameAs\":[\"https:\\\/\\\/www.linkedin.com\\\/company\\\/w-platform\\\/\"]},{\"@type\":\"Person\",\"@id\":\"https:\\\/\\\/w-platform.fr\\\/#\\\/schema\\\/person\\\/fdb73002a9a19467d789a61683159d61\",\"name\":\"WPlatform\",\"image\":{\"@type\":\"ImageObject\",\"inLanguage\":\"es\",\"@id\":\"https:\\\/\\\/secure.gravatar.com\\\/avatar\\\/3e2f84b2f70070c2bf3546e4b799a58bbaec1e98f4ffa30c011240219a88f107?s=96&d=mm&r=g\",\"url\":\"https:\\\/\\\/secure.gravatar.com\\\/avatar\\\/3e2f84b2f70070c2bf3546e4b799a58bbaec1e98f4ffa30c011240219a88f107?s=96&d=mm&r=g\",\"contentUrl\":\"https:\\\/\\\/secure.gravatar.com\\\/avatar\\\/3e2f84b2f70070c2bf3546e4b799a58bbaec1e98f4ffa30c011240219a88f107?s=96&d=mm&r=g\",\"caption\":\"WPlatform\"},\"sameAs\":[\"http:\\\/\\\/w-platform.fr\"],\"url\":\"https:\\\/\\\/w-platform.fr\\\/es\\\/author\\\/admin7749\\\/\"}]}<\/script>\n<!-- \/ Yoast SEO plugin. -->","yoast_head_json":{"title":"W Platform d\u00e9voile sa nouvelle identit\u00e9 visuelle - W Platform","description":"W Platform d\u00e9voile sa nouvelle identit\u00e9 visuelle, reflet de son \u00e9volution et de son expertise en captation et valorisation du CO\u2082.","robots":{"index":"index","follow":"follow","max-snippet":"max-snippet:-1","max-image-preview":"max-image-preview:large","max-video-preview":"max-video-preview:-1"},"canonical":"https:\/\/w-platform.fr\/es\/2025\/11\/30\/w-platform-fait-peau-neuve\/","og_locale":"es_ES","og_type":"article","og_title":"W Platform d\u00e9voile sa nouvelle identit\u00e9 visuelle - W Platform","og_description":"W Platform d\u00e9voile sa nouvelle identit\u00e9 visuelle, reflet de son \u00e9volution et de son expertise en captation et valorisation du CO\u2082.","og_url":"https:\/\/w-platform.fr\/es\/2025\/11\/30\/w-platform-fait-peau-neuve\/","og_site_name":"W Platform","article_published_time":"2025-11-30T22:37:59+00:00","article_modified_time":"2026-08-26T14:42:32+00:00","og_image":[{"width":2000,"height":801,"url":"http:\/\/w-platform.fr\/wp-content\/uploads\/2025\/11\/W-PLATFORM_logo.jpg","type":"image\/jpeg"}],"author":"WPlatform","twitter_card":"summary_large_image","twitter_misc":{"Escrito por":"WPlatform","Tiempo de lectura":"4 minutos"},"schema":{"@context":"https:\/\/schema.org","@graph":[{"@type":"Article","@id":"https:\/\/w-platform.fr\/2025\/11\/30\/w-platform-fait-peau-neuve\/#article","isPartOf":{"@id":"https:\/\/w-platform.fr\/2025\/11\/30\/w-platform-fait-peau-neuve\/"},"author":{"name":"WPlatform","@id":"https:\/\/w-platform.fr\/#\/schema\/person\/fdb73002a9a19467d789a61683159d61"},"headline":"W Platform d\u00e9voile sa nouvelle identit\u00e9 visuelle","datePublished":"2025-11-30T22:37:59+00:00","dateModified":"2026-08-26T14:42:32+00:00","mainEntityOfPage":{"@id":"https:\/\/w-platform.fr\/2025\/11\/30\/w-platform-fait-peau-neuve\/"},"wordCount":721,"publisher":{"@id":"https:\/\/w-platform.fr\/#organization"},"image":{"@id":"https:\/\/w-platform.fr\/2025\/11\/30\/w-platform-fait-peau-neuve\/#primaryimage"},"thumbnailUrl":"https:\/\/w-platform.fr\/wp-content\/uploads\/2025\/11\/W-PLATFORM_logo.jpg","articleSection":["Non class\u00e9"],"inLanguage":"es"},{"@type":"WebPage","@id":"https:\/\/w-platform.fr\/2025\/11\/30\/w-platform-fait-peau-neuve\/","url":"https:\/\/w-platform.fr\/2025\/11\/30\/w-platform-fait-peau-neuve\/","name":"W Platform d\u00e9voile sa nouvelle identit\u00e9 visuelle - W Platform","isPartOf":{"@id":"https:\/\/w-platform.fr\/#website"},"primaryImageOfPage":{"@id":"https:\/\/w-platform.fr\/2025\/11\/30\/w-platform-fait-peau-neuve\/#primaryimage"},"image":{"@id":"https:\/\/w-platform.fr\/2025\/11\/30\/w-platform-fait-peau-neuve\/#primaryimage"},"thumbnailUrl":"https:\/\/w-platform.fr\/wp-content\/uploads\/2025\/11\/W-PLATFORM_logo.jpg","datePublished":"2025-11-30T22:37:59+00:00","dateModified":"2026-08-26T14:42:32+00:00","description":"W Platform d\u00e9voile sa nouvelle identit\u00e9 visuelle, reflet de son \u00e9volution et de son expertise en captation et valorisation du CO\u2082.","breadcrumb":{"@id":"https:\/\/w-platform.fr\/2025\/11\/30\/w-platform-fait-peau-neuve\/#breadcrumb"},"inLanguage":"es","potentialAction":[{"@type":"ReadAction","target":["https:\/\/w-platform.fr\/2025\/11\/30\/w-platform-fait-peau-neuve\/"]}]},{"@type":"ImageObject","inLanguage":"es","@id":"https:\/\/w-platform.fr\/2025\/11\/30\/w-platform-fait-peau-neuve\/#primaryimage","url":"https:\/\/w-platform.fr\/wp-content\/uploads\/2025\/11\/W-PLATFORM_logo.jpg","contentUrl":"https:\/\/w-platform.fr\/wp-content\/uploads\/2025\/11\/W-PLATFORM_logo.jpg","width":2000,"height":801,"caption":"Nouveau logo et nouvelle identit\u00e9 visuelle W Platform"},{"@type":"BreadcrumbList","@id":"https:\/\/w-platform.fr\/2025\/11\/30\/w-platform-fait-peau-neuve\/#breadcrumb","itemListElement":[{"@type":"ListItem","position":1,"name":"Accueil","item":"https:\/\/w-platform.fr\/"},{"@type":"ListItem","position":2,"name":"W Platform d\u00e9voile sa nouvelle identit\u00e9 visuelle"}]},{"@type":"WebSite","@id":"https:\/\/w-platform.fr\/#website","url":"https:\/\/w-platform.fr\/","name":"W Platform","description":"WordPress","publisher":{"@id":"https:\/\/w-platform.fr\/#organization"},"potentialAction":[{"@type":"SearchAction","target":{"@type":"EntryPoint","urlTemplate":"https:\/\/w-platform.fr\/?s={search_term_string}"},"query-input":{"@type":"PropertyValueSpecification","valueRequired":true,"valueName":"search_term_string"}}],"inLanguage":"es"},{"@type":"Organization","@id":"https:\/\/w-platform.fr\/#organization","name":"W Platform","url":"https:\/\/w-platform.fr\/","logo":{"@type":"ImageObject","inLanguage":"es","@id":"https:\/\/w-platform.fr\/#\/schema\/logo\/image\/","url":"https:\/\/w-platform.fr\/wp-content\/uploads\/2026\/07\/W-PLATFORM_logo-removebg-preview-1.png","contentUrl":"https:\/\/w-platform.fr\/wp-content\/uploads\/2026\/07\/W-PLATFORM_logo-removebg-preview-1.png","width":789,"height":316,"caption":"W Platform"},"image":{"@id":"https:\/\/w-platform.fr\/#\/schema\/logo\/image\/"},"sameAs":["https:\/\/www.linkedin.com\/company\/w-platform\/"]},{"@type":"Person","@id":"https:\/\/w-platform.fr\/#\/schema\/person\/fdb73002a9a19467d789a61683159d61","name":"WPlatform","image":{"@type":"ImageObject","inLanguage":"es","@id":"https:\/\/secure.gravatar.com\/avatar\/3e2f84b2f70070c2bf3546e4b799a58bbaec1e98f4ffa30c011240219a88f107?s=96&d=mm&r=g","url":"https:\/\/secure.gravatar.com\/avatar\/3e2f84b2f70070c2bf3546e4b799a58bbaec1e98f4ffa30c011240219a88f107?s=96&d=mm&r=g","contentUrl":"https:\/\/secure.gravatar.com\/avatar\/3e2f84b2f70070c2bf3546e4b799a58bbaec1e98f4ffa30c011240219a88f107?s=96&d=mm&r=g","caption":"WPlatform"},"sameAs":["http:\/\/w-platform.fr"],"url":"https:\/\/w-platform.fr\/es\/author\/admin7749\/"}]}},"_links":{"self":[{"href":"https:\/\/w-platform.fr\/es\/wp-json\/wp\/v2\/posts\/1056","targetHints":{"allow":["GET"]}}],"collection":[{"href":"https:\/\/w-platform.fr\/es\/wp-json\/wp\/v2\/posts"}],"about":[{"href":"https:\/\/w-platform.fr\/es\/wp-json\/wp\/v2\/types\/post"}],"author":[{"embeddable":true,"href":"https:\/\/w-platform.fr\/es\/wp-json\/wp\/v2\/users\/1"}],"replies":[{"embeddable":true,"href":"https:\/\/w-platform.fr\/es\/wp-json\/wp\/v2\/comments?post=1056"}],"version-history":[{"count":4,"href":"https:\/\/w-platform.fr\/es\/wp-json\/wp\/v2\/posts\/1056\/revisions"}],"predecessor-version":[{"id":1161,"href":"https:\/\/w-platform.fr\/es\/wp-json\/wp\/v2\/posts\/1056\/revisions\/1161"}],"wp:featuredmedia":[{"embeddable":true,"href":"https:\/\/w-platform.fr\/es\/wp-json\/wp\/v2\/media\/1057"}],"wp:attachment":[{"href":"https:\/\/w-platform.fr\/es\/wp-json\/wp\/v2\/media?parent=1056"}],"wp:term":[{"taxonomy":"category","embeddable":true,"href":"https:\/\/w-platform.fr\/es\/wp-json\/wp\/v2\/categories?post=1056"},{"taxonomy":"post_tag","embeddable":true,"href":"https:\/\/w-platform.fr\/es\/wp-json\/wp\/v2\/tags?post=1056"}],"curies":[{"name":"wp","href":"https:\/\/api.w.org\/{rel}","templated":true}]}}